{"id":4415,"date":"2026-08-31T11:32:57","date_gmt":"2026-08-31T14:32:57","guid":{"rendered":"https:\/\/www.salinas.com.br\/blog\/?p=4415"},"modified":"2026-08-31T16:18:50","modified_gmt":"2026-08-31T19:18:50","slug":"ferias-em-familia-com-impacto-positivo-amarante-conquista-a-certificacao-de-empresa-b","status":"publish","type":"post","link":"https:\/\/www.salinas.com.br\/blog\/ferias-em-familia-com-impacto-positivo-amarante-conquista-a-certificacao-de-empresa-b\/","title":{"rendered":"F\u00e9rias em fam\u00edlia com impacto positivo: Amarante\u00a0 conquista a Certifica\u00e7\u00e3o de Empresa B\u2122\u00a0"},"content":{"rendered":"<p><img loading=\"lazy\" decoding=\"async\" class=\"aligncenter wp-image-4416 size-large\" src=\"https:\/\/www.salinas.com.br\/blog\/wp-content\/uploads\/2026\/08\/Resort-all-inclusive-sustentavel-1024x576.jpg\" alt=\"Fam\u00edlia aproveita piscinas Naturais de Maragogi em \u00e1guas cristainas entres os recifes de corais.\" width=\"1024\" height=\"576\" srcset=\"https:\/\/www.salinas.com.br\/blog\/wp-content\/uploads\/2026\/08\/Resort-all-inclusive-sustentavel-1024x576.jpg 1024w, https:\/\/www.salinas.com.br\/blog\/wp-content\/uploads\/2026\/08\/Resort-all-inclusive-sustentavel-300x169.jpg 300w, https:\/\/www.salinas.com.br\/blog\/wp-content\/uploads\/2026\/08\/Resort-all-inclusive-sustentavel-768x432.jpg 768w, https:\/\/www.salinas.com.br\/blog\/wp-content\/uploads\/2026\/08\/Resort-all-inclusive-sustentavel-1536x864.jpg 1536w, https:\/\/www.salinas.com.br\/blog\/wp-content\/uploads\/2026\/08\/Resort-all-inclusive-sustentavel-2048x1152.jpg 2048w\" sizes=\"auto, (max-width: 1024px) 100vw, 1024px\" \/><\/p>\n<p><span style=\"font-weight: 400;\">Sabe aquele sentimento gostoso de dar um tchibum no mar cristalino ou ver a crian\u00e7ada se divertindo com a Turminha do Siri? No Salinas Maragogi e no Salinas Macei\u00f3, a gente trabalha todos os dias pra que as suas f\u00e9rias em fam\u00edlia sejam repletas de alegria e momentos inesquec\u00edveis. E adivinha? O carinho e a responsabilidade que a gente coloca na nossa hospitalidade rendeu uma conquista incr\u00edvel pra todo mundo!<\/span><\/p>\n<p><span style=\"font-weight: 400;\">Conquistamos a Certifica\u00e7\u00e3o de Empresa B\u2122! Esse \u00e9 um dos reconhecimentos internacionais mais importantes para empresas que buscam crescer gerando um impacto positivo para as pessoas, as comunidades e o meio ambiente.<\/span><\/p>\n<p><span style=\"font-weight: 400;\">Nossos resorts alcan\u00e7aram <\/span><b>110 pontos na avalia\u00e7\u00e3o do Sistema B\u2122<\/b><span style=\"font-weight: 400;\">, o que \u00e9 uma conquista incr\u00edvel, considerando que a pontua\u00e7\u00e3o m\u00ednima para a certifica\u00e7\u00e3o \u00e9 de 80 pontos. E voc\u00ea faz parte dessa conquista!<\/span><\/p>\n<p><span style=\"font-weight: 400;\">Quer saber como o Salinas Maragogi e o Salinas Macei\u00f3 ajudaram a alcan\u00e7ar esse resultado sensacional pra Amarante? Vem com a gente!<\/span><\/p>\n<h2><span style=\"font-weight: 400;\">Pequenas atitudes na sua estadia geram um mar de impactos positivos\u00a0<\/span><\/h2>\n<p><img loading=\"lazy\" decoding=\"async\" class=\"aligncenter wp-image-4417 size-large\" src=\"https:\/\/www.salinas.com.br\/blog\/wp-content\/uploads\/2026\/08\/Empresa-B-Amarante-Resorts-Salinas--1024x683.jpg\" alt=\"\" width=\"1024\" height=\"683\" srcset=\"https:\/\/www.salinas.com.br\/blog\/wp-content\/uploads\/2026\/08\/Empresa-B-Amarante-Resorts-Salinas--1024x683.jpg 1024w, https:\/\/www.salinas.com.br\/blog\/wp-content\/uploads\/2026\/08\/Empresa-B-Amarante-Resorts-Salinas--300x200.jpg 300w, https:\/\/www.salinas.com.br\/blog\/wp-content\/uploads\/2026\/08\/Empresa-B-Amarante-Resorts-Salinas--768x512.jpg 768w, https:\/\/www.salinas.com.br\/blog\/wp-content\/uploads\/2026\/08\/Empresa-B-Amarante-Resorts-Salinas--1536x1024.jpg 1536w, https:\/\/www.salinas.com.br\/blog\/wp-content\/uploads\/2026\/08\/Empresa-B-Amarante-Resorts-Salinas--2048x1365.jpg 2048w\" sizes=\"auto, (max-width: 1024px) 100vw, 1024px\" \/><\/p>\n<p><span style=\"font-weight: 400;\">Garantir bebidas geladas na beira da praia, comida deliciosa no All Inclusive e divers\u00e3o pra o dia inteiro exige uma opera\u00e7\u00e3o gigante. Por isso, a gente transformou a rotina dos resorts pra reduzir desperd\u00edcios e tamb\u00e9m cuidar da <\/span><a href=\"https:\/\/www.salinas.com.br\/blog\/cidades-de-alagoas-pra-visitar\/\"><span style=\"font-weight: 400;\">Costa dos Corais<\/span><\/a><span style=\"font-weight: 400;\">:<\/span><\/p>\n<p><b><span style=\"font-weight: 400;\">\ud83e\udeb4 <\/span>Menos papel, mais tecnologia<\/b><span style=\"font-weight: 400;\">: no Salinas Macei\u00f3, eliminamos a impress\u00e3o de card\u00e1pios com o uso de etiquetas e plaquinhas digitais nos restaurantes. Al\u00e9m disso, a digitaliza\u00e7\u00e3o dos processos de check-in e arruma\u00e7\u00e3o dos quartos reduziu a impress\u00e3o em cerca de 150 folhas de papel por dia!<\/span><\/p>\n<p><b><span style=\"font-weight: 400;\">\ud83e\udeb4 <\/span>Madeira ecol\u00f3gica:<\/b><span style=\"font-weight: 400;\"> substitu\u00edmos as madeiras tradicionais do entorno das piscinas do Salinas Maragogi por madeira ecol\u00f3gica de alta durabilidade, evitando a extra\u00e7\u00e3o de \u00e1rvores nativas.<\/span><\/p>\n<p><span style=\"font-weight: 400;\">Tudo isso ajudou a <\/span><a href=\"https:\/\/www.amarantehoteis.com.br\/sustentabilidade\"><span style=\"font-weight: 400;\">Amarante<\/span><\/a><span style=\"font-weight: 400;\"> a alcan\u00e7ar n\u00fameros incr\u00edveis entre 2023 e 2025: redu\u00e7\u00e3o de 23,4% nas emiss\u00f5es de gases de efeito estufa e redu\u00e7\u00e3o de 13,5% no consumo de \u00e1gua por h\u00f3spede. Incr\u00edvel, n\u00e9?<\/span><\/p>\n<h2><span style=\"font-weight: 400;\">Formando talentos e valorizando as nossas comunidades locais\u00a0<\/span><\/h2>\n<p><img loading=\"lazy\" decoding=\"async\" class=\"aligncenter wp-image-4418 size-large\" src=\"https:\/\/www.salinas.com.br\/blog\/wp-content\/uploads\/2026\/08\/Resorts-Salinas-Acoes-Ambientais-1024x683.jpg\" alt=\"\" width=\"1024\" height=\"683\" srcset=\"https:\/\/www.salinas.com.br\/blog\/wp-content\/uploads\/2026\/08\/Resorts-Salinas-Acoes-Ambientais-1024x683.jpg 1024w, https:\/\/www.salinas.com.br\/blog\/wp-content\/uploads\/2026\/08\/Resorts-Salinas-Acoes-Ambientais-300x200.jpg 300w, https:\/\/www.salinas.com.br\/blog\/wp-content\/uploads\/2026\/08\/Resorts-Salinas-Acoes-Ambientais-768x512.jpg 768w, https:\/\/www.salinas.com.br\/blog\/wp-content\/uploads\/2026\/08\/Resorts-Salinas-Acoes-Ambientais-1536x1024.jpg 1536w, https:\/\/www.salinas.com.br\/blog\/wp-content\/uploads\/2026\/08\/Resorts-Salinas-Acoes-Ambientais-2048x1365.jpg 2048w\" sizes=\"auto, (max-width: 1024px) 100vw, 1024px\" \/><\/p>\n<p><span style=\"font-weight: 400;\">A alegria dos resorts All Inclusive Salinas vem das pessoas que te recebem com um sorriso no rosto. Por meio do Programa Amarante de Forma\u00e7\u00e3o (PAF), a Amarante oferece cursos gratuitos de capacita\u00e7\u00e3o profissional em <\/span><a href=\"https:\/\/www.salinas.com.br\/blog\/maragogi-ou-maceio\/\"><span style=\"font-weight: 400;\">Maragogi e Macei\u00f3<\/span><\/a><span style=\"font-weight: 400;\">.<\/span><\/p>\n<p><span style=\"font-weight: 400;\">J\u00e1 s\u00e3o mais de 1 mil pessoas formadas na regi\u00e3o, sendo que 69% dos alunos em 2025 foram mulheres e 82% pessoas negras, abrindo portas pra o primeiro emprego e gerando renda pras fam\u00edlias da nossa comunidade.<\/span><\/p>\n<p><span style=\"font-weight: 400;\">Al\u00e9m disso, 44% de tudo o que \u00e9 consumido nos resorts vem de fornecedores locais localizados a at\u00e9 80 km daqui. Seja aquele ingrediente fresquinho da nossa culin\u00e1ria ou os servi\u00e7os de passeios, a gente faz quest\u00e3o de valorizar quem \u00e9 da nossa terra!<\/span><\/p>\n<p><span style=\"font-weight: 400;\">Saiba mais em <\/span><a href=\"http:\/\/bcorp.com.br\"><span style=\"font-weight: 400;\">bcorp.com.br<\/span><\/a><span style=\"font-weight: 400;\">.<\/span><\/p>\n<h2><span style=\"font-weight: 400;\">Um orgulho que pertence a todos!<\/span><\/h2>\n<p><span style=\"font-weight: 400;\">Pra os h\u00f3spedes de carteirinha que amam curtir o sol e colecionar <\/span><a href=\"https:\/\/www.salinas.com.br\/blog\/viagem-para-familia\/\"><span style=\"font-weight: 400;\">mem\u00f3rias em fam\u00edlia<\/span><\/a><span style=\"font-weight: 400;\"> por aqui, saber que o Salinas Maragogi e o Salinas Macei\u00f3 cuidam da natureza traz ainda mais leveza pra viagem.<\/span><\/p>\n<p><span style=\"font-weight: 400;\">A Certifica\u00e7\u00e3o de Empresa B\u2122 mostra que d\u00e1 pra oferecer o melhor All Inclusive do Brasil respeitando o nosso para\u00edso. E se voc\u00ea \u00e9 cadastrado no nosso programa de fidelidade T\u00f4 de Volta, sabe que voltar pra c\u00e1 \u00e9 sempre uma escolha cheia de vantagens.\u00a0<\/span><\/p>\n<p><span style=\"font-weight: 400;\">N\u00f3s j\u00e1 estamos ansiosos pra te receber de novo! Clique <\/span><a href=\"https:\/\/www.salinas.com.br\/pt\/maragogi\/promocoes\"><span style=\"font-weight: 400;\">aqui pra reservar suas f\u00e9rias no Salinas Maragogi<\/span><\/a><span style=\"font-weight: 400;\"> ou acesse <\/span><a href=\"https:\/\/www.salinas.com.br\/pt\/maceio\/promocoes\"><span style=\"font-weight: 400;\">aqui para a viagem ao Salinas Macei\u00f3<\/span><\/a><span style=\"font-weight: 400;\">.<\/span><\/p>\n","protected":false},"excerpt":{"rendered":"<p>Sabe aquele sentimento gostoso de dar um tchibum no mar cristalino ou ver a crian\u00e7ada se divertindo com a Turminha do Siri? No Salinas Maragogi e no Salinas Macei\u00f3, a gente trabalha todos os dias pra que as suas f\u00e9rias em fam\u00edlia sejam repletas de alegria e momentos inesquec\u00edveis. E adivinha? O carinho e a [&hellip;]<\/p>\n","protected":false},"author":17,"featured_media":4416,"comment_status":"open","ping_status":"open","sticky":true,"template":"","format":"standard","meta":{"footnotes":""},"categories":[92,96],"tags":[103],"class_list":["post-4415","post","type-post","status-publish","format-standard","has-post-thumbnail","hentry","category-institucional","category-sustentabilidade","tag-amarante"],"acf":[],"yoast_head":"<!-- This site is optimized with the Yoast SEO plugin v20.9 - https:\/\/yoast.com\/wordpress\/plugins\/seo\/ -->\n<title>Turismo Sustent\u00e1vel: Resorts Salinas tornam a Amarante uma Empresa B\u2122 Certificada<\/title>\n<meta name=\"description\" content=\"Sabia que suas f\u00e9rias em fam\u00edlia ajudam a preservar o meio ambiente? Veja como os resorts Salinas Maragogi e o Salinas Macei\u00f3 apoiam o turismo sustent\u00e1vel!\" \/>\n<meta name=\"robots\" content=\"index, follow, max-snippet:-1, max-image-preview:large, max-video-preview:-1\" \/>\n<link rel=\"canonical\" href=\"https:\/\/www.salinas.com.br\/blog\/ferias-em-familia-com-impacto-positivo-amarante-conquista-a-certificacao-de-empresa-b\/\" \/>\n<meta property=\"og:locale\" content=\"pt_BR\" \/>\n<meta property=\"og:type\" content=\"article\" \/>\n<meta property=\"og:title\" content=\"Turismo Sustent\u00e1vel: Resorts Salinas tornam a Amarante uma Empresa B\u2122 Certificada\" \/>\n<meta property=\"og:description\" content=\"Sabia que suas f\u00e9rias em fam\u00edlia ajudam a preservar o meio ambiente? Veja como os resorts Salinas Maragogi e o Salinas Macei\u00f3 apoiam o turismo sustent\u00e1vel!\" \/>\n<meta property=\"og:url\" content=\"https:\/\/www.salinas.com.br\/blog\/ferias-em-familia-com-impacto-positivo-amarante-conquista-a-certificacao-de-empresa-b\/\" \/>\n<meta property=\"og:site_name\" content=\"Amarante\" \/>\n<meta property=\"article:published_time\" content=\"2026-08-31T14:32:57+00:00\" \/>\n<meta property=\"article:modified_time\" content=\"2026-08-31T19:18:50+00:00\" \/>\n<meta property=\"og:image\" content=\"https:\/\/www.salinas.com.br\/blog\/wp-content\/uploads\/2026\/08\/Resort-all-inclusive-sustentavel-scaled.jpg\" \/>\n\t<meta property=\"og:image:width\" content=\"2560\" \/>\n\t<meta property=\"og:image:height\" content=\"1440\" \/>\n\t<meta property=\"og:image:type\" content=\"image\/jpeg\" \/>\n<meta name=\"author\" content=\"Amarante\" \/>\n<meta name=\"twitter:card\" content=\"summary_large_image\" \/>\n<meta name=\"twitter:label1\" content=\"Escrito por\" \/>\n\t<meta name=\"twitter:data1\" content=\"Amarante\" \/>\n\t<meta name=\"twitter:label2\" content=\"Est. tempo de leitura\" \/>\n\t<meta name=\"twitter:data2\" content=\"4 minutos\" \/>\n<script type=\"application\/ld+json\" class=\"yoast-schema-graph\">{\"@context\":\"https:\/\/schema.org\",\"@graph\":[{\"@type\":\"WebPage\",\"@id\":\"https:\/\/www.salinas.com.br\/blog\/ferias-em-familia-com-impacto-positivo-amarante-conquista-a-certificacao-de-empresa-b\/\",\"url\":\"https:\/\/www.salinas.com.br\/blog\/ferias-em-familia-com-impacto-positivo-amarante-conquista-a-certificacao-de-empresa-b\/\",\"name\":\"Turismo Sustent\u00e1vel: Resorts Salinas tornam a Amarante uma Empresa B\u2122 Certificada\",\"isPartOf\":{\"@id\":\"https:\/\/www.salinas.com.br\/blog\/#website\"},\"datePublished\":\"2026-08-31T14:32:57+00:00\",\"dateModified\":\"2026-08-31T19:18:50+00:00\",\"author\":{\"@id\":\"https:\/\/www.salinas.com.br\/blog\/#\/schema\/person\/b706075dc509e91c28efb76c2d4bdd97\"},\"description\":\"Sabia que suas f\u00e9rias em fam\u00edlia ajudam a preservar o meio ambiente? Veja como os resorts Salinas Maragogi e o Salinas Macei\u00f3 apoiam o turismo sustent\u00e1vel!\",\"breadcrumb\":{\"@id\":\"https:\/\/www.salinas.com.br\/blog\/ferias-em-familia-com-impacto-positivo-amarante-conquista-a-certificacao-de-empresa-b\/#breadcrumb\"},\"inLanguage\":\"pt-BR\",\"potentialAction\":[{\"@type\":\"ReadAction\",\"target\":[\"https:\/\/www.salinas.com.br\/blog\/ferias-em-familia-com-impacto-positivo-amarante-conquista-a-certificacao-de-empresa-b\/\"]}]},{\"@type\":\"BreadcrumbList\",\"@id\":\"https:\/\/www.salinas.com.br\/blog\/ferias-em-familia-com-impacto-positivo-amarante-conquista-a-certificacao-de-empresa-b\/#breadcrumb\",\"itemListElement\":[{\"@type\":\"ListItem\",\"position\":1,\"name\":\"In\u00edcio\",\"item\":\"https:\/\/www.salinas.com.br\/blog\/\"},{\"@type\":\"ListItem\",\"position\":2,\"name\":\"F\u00e9rias em fam\u00edlia com impacto positivo: Amarante\u00a0 conquista a Certifica\u00e7\u00e3o de Empresa B\u2122\u00a0\"}]},{\"@type\":\"WebSite\",\"@id\":\"https:\/\/www.salinas.com.br\/blog\/#website\",\"url\":\"https:\/\/www.salinas.com.br\/blog\/\",\"name\":\"Amarante\",\"description\":\"\",\"potentialAction\":[{\"@type\":\"SearchAction\",\"target\":{\"@type\":\"EntryPoint\",\"urlTemplate\":\"https:\/\/www.salinas.com.br\/blog\/?s={search_term_string}\"},\"query-input\":\"required name=search_term_string\"}],\"inLanguage\":\"pt-BR\"},{\"@type\":\"Person\",\"@id\":\"https:\/\/www.salinas.com.br\/blog\/#\/schema\/person\/b706075dc509e91c28efb76c2d4bdd97\",\"name\":\"Amarante\",\"image\":{\"@type\":\"ImageObject\",\"inLanguage\":\"pt-BR\",\"@id\":\"https:\/\/www.salinas.com.br\/blog\/#\/schema\/person\/image\/\",\"url\":\"https:\/\/secure.gravatar.com\/avatar\/b121658c17d0c24a19e905c4d002e7791545e8605f560c9b6896a49ff44b385a?s=96&d=mm&r=g\",\"contentUrl\":\"https:\/\/secure.gravatar.com\/avatar\/b121658c17d0c24a19e905c4d002e7791545e8605f560c9b6896a49ff44b385a?s=96&d=mm&r=g\",\"caption\":\"Amarante\"},\"url\":\"https:\/\/www.salinas.com.br\/blog\/author\/amarante\/\"}]}<\/script>\n<!-- \/ Yoast SEO plugin. -->","yoast_head_json":{"title":"Turismo Sustent\u00e1vel: Resorts Salinas tornam a Amarante uma Empresa B\u2122 Certificada","description":"Sabia que suas f\u00e9rias em fam\u00edlia ajudam a preservar o meio ambiente? Veja como os resorts Salinas Maragogi e o Salinas Macei\u00f3 apoiam o turismo sustent\u00e1vel!","robots":{"index":"index","follow":"follow","max-snippet":"max-snippet:-1","max-image-preview":"max-image-preview:large","max-video-preview":"max-video-preview:-1"},"canonical":"https:\/\/www.salinas.com.br\/blog\/ferias-em-familia-com-impacto-positivo-amarante-conquista-a-certificacao-de-empresa-b\/","og_locale":"pt_BR","og_type":"article","og_title":"Turismo Sustent\u00e1vel: Resorts Salinas tornam a Amarante uma Empresa B\u2122 Certificada","og_description":"Sabia que suas f\u00e9rias em fam\u00edlia ajudam a preservar o meio ambiente? Veja como os resorts Salinas Maragogi e o Salinas Macei\u00f3 apoiam o turismo sustent\u00e1vel!","og_url":"https:\/\/www.salinas.com.br\/blog\/ferias-em-familia-com-impacto-positivo-amarante-conquista-a-certificacao-de-empresa-b\/","og_site_name":"Amarante","article_published_time":"2026-08-31T14:32:57+00:00","article_modified_time":"2026-08-31T19:18:50+00:00","og_image":[{"width":2560,"height":1440,"url":"https:\/\/www.salinas.com.br\/blog\/wp-content\/uploads\/2026\/08\/Resort-all-inclusive-sustentavel-scaled.jpg","type":"image\/jpeg"}],"author":"Amarante","twitter_card":"summary_large_image","twitter_misc":{"Escrito por":"Amarante","Est. tempo de leitura":"4 minutos"},"schema":{"@context":"https:\/\/schema.org","@graph":[{"@type":"WebPage","@id":"https:\/\/www.salinas.com.br\/blog\/ferias-em-familia-com-impacto-positivo-amarante-conquista-a-certificacao-de-empresa-b\/","url":"https:\/\/www.salinas.com.br\/blog\/ferias-em-familia-com-impacto-positivo-amarante-conquista-a-certificacao-de-empresa-b\/","name":"Turismo Sustent\u00e1vel: Resorts Salinas tornam a Amarante uma Empresa B\u2122 Certificada","isPartOf":{"@id":"https:\/\/www.salinas.com.br\/blog\/#website"},"datePublished":"2026-08-31T14:32:57+00:00","dateModified":"2026-08-31T19:18:50+00:00","author":{"@id":"https:\/\/www.salinas.com.br\/blog\/#\/schema\/person\/b706075dc509e91c28efb76c2d4bdd97"},"description":"Sabia que suas f\u00e9rias em fam\u00edlia ajudam a preservar o meio ambiente? Veja como os resorts Salinas Maragogi e o Salinas Macei\u00f3 apoiam o turismo sustent\u00e1vel!","breadcrumb":{"@id":"https:\/\/www.salinas.com.br\/blog\/ferias-em-familia-com-impacto-positivo-amarante-conquista-a-certificacao-de-empresa-b\/#breadcrumb"},"inLanguage":"pt-BR","potentialAction":[{"@type":"ReadAction","target":["https:\/\/www.salinas.com.br\/blog\/ferias-em-familia-com-impacto-positivo-amarante-conquista-a-certificacao-de-empresa-b\/"]}]},{"@type":"BreadcrumbList","@id":"https:\/\/www.salinas.com.br\/blog\/ferias-em-familia-com-impacto-positivo-amarante-conquista-a-certificacao-de-empresa-b\/#breadcrumb","itemListElement":[{"@type":"ListItem","position":1,"name":"In\u00edcio","item":"https:\/\/www.salinas.com.br\/blog\/"},{"@type":"ListItem","position":2,"name":"F\u00e9rias em fam\u00edlia com impacto positivo: Amarante\u00a0 conquista a Certifica\u00e7\u00e3o de Empresa B\u2122\u00a0"}]},{"@type":"WebSite","@id":"https:\/\/www.salinas.com.br\/blog\/#website","url":"https:\/\/www.salinas.com.br\/blog\/","name":"Amarante","description":"","potentialAction":[{"@type":"SearchAction","target":{"@type":"EntryPoint","urlTemplate":"https:\/\/www.salinas.com.br\/blog\/?s={search_term_string}"},"query-input":"required name=search_term_string"}],"inLanguage":"pt-BR"},{"@type":"Person","@id":"https:\/\/www.salinas.com.br\/blog\/#\/schema\/person\/b706075dc509e91c28efb76c2d4bdd97","name":"Amarante","image":{"@type":"ImageObject","inLanguage":"pt-BR","@id":"https:\/\/www.salinas.com.br\/blog\/#\/schema\/person\/image\/","url":"https:\/\/secure.gravatar.com\/avatar\/b121658c17d0c24a19e905c4d002e7791545e8605f560c9b6896a49ff44b385a?s=96&d=mm&r=g","contentUrl":"https:\/\/secure.gravatar.com\/avatar\/b121658c17d0c24a19e905c4d002e7791545e8605f560c9b6896a49ff44b385a?s=96&d=mm&r=g","caption":"Amarante"},"url":"https:\/\/www.salinas.com.br\/blog\/author\/amarante\/"}]}},"views":18,"_links":{"self":[{"href":"https:\/\/www.salinas.com.br\/blog\/wp-json\/wp\/v2\/posts\/4415","targetHints":{"allow":["GET"]}}],"collection":[{"href":"https:\/\/www.salinas.com.br\/blog\/wp-json\/wp\/v2\/posts"}],"about":[{"href":"https:\/\/www.salinas.com.br\/blog\/wp-json\/wp\/v2\/types\/post"}],"author":[{"embeddable":true,"href":"https:\/\/www.salinas.com.br\/blog\/wp-json\/wp\/v2\/users\/17"}],"replies":[{"embeddable":true,"href":"https:\/\/www.salinas.com.br\/blog\/wp-json\/wp\/v2\/comments?post=4415"}],"version-history":[{"count":3,"href":"https:\/\/www.salinas.com.br\/blog\/wp-json\/wp\/v2\/posts\/4415\/revisions"}],"predecessor-version":[{"id":4422,"href":"https:\/\/www.salinas.com.br\/blog\/wp-json\/wp\/v2\/posts\/4415\/revisions\/4422"}],"wp:featuredmedia":[{"embeddable":true,"href":"https:\/\/www.salinas.com.br\/blog\/wp-json\/wp\/v2\/media\/4416"}],"wp:attachment":[{"href":"https:\/\/www.salinas.com.br\/blog\/wp-json\/wp\/v2\/media?parent=4415"}],"wp:term":[{"taxonomy":"category","embeddable":true,"href":"https:\/\/www.salinas.com.br\/blog\/wp-json\/wp\/v2\/categories?post=4415"},{"taxonomy":"post_tag","embeddable":true,"href":"https:\/\/www.salinas.com.br\/blog\/wp-json\/wp\/v2\/tags?post=4415"}],"curies":[{"name":"wp","href":"https:\/\/api.w.org\/{rel}","templated":true}]}}