{"id":3175,"date":"2025-10-27T17:24:50","date_gmt":"2025-10-27T20:24:50","guid":{"rendered":"https:\/\/www.salinas.com.br\/blog\/?p=3175"},"modified":"2025-10-27T17:24:50","modified_gmt":"2025-10-27T20:24:50","slug":"reveillon-em-maceio","status":"publish","type":"post","link":"https:\/\/www.salinas.com.br\/blog\/reveillon-em-maceio\/","title":{"rendered":"R\u00e9veillon em Macei\u00f3: por que esse destino \u00e9 perfeito pra virada"},"content":{"rendered":"<p><img loading=\"lazy\" decoding=\"async\" class=\"alignnone size-full wp-image-3179\" src=\"https:\/\/www.salinas.com.br\/blog\/wp-content\/uploads\/2025\/10\/reveillon-maceio.jpg\" alt=\"Vista panor\u00e2mica da orla de Macei\u00f3 ao entardecer, com praia, pr\u00e9dios modernos e linhas de ilumina\u00e7\u00e3o que destacam a eleg\u00e2ncia urbana.\" width=\"1024\" height=\"416\" srcset=\"https:\/\/www.salinas.com.br\/blog\/wp-content\/uploads\/2025\/10\/reveillon-maceio.jpg 1024w, https:\/\/www.salinas.com.br\/blog\/wp-content\/uploads\/2025\/10\/reveillon-maceio-300x122.jpg 300w, https:\/\/www.salinas.com.br\/blog\/wp-content\/uploads\/2025\/10\/reveillon-maceio-768x312.jpg 768w\" sizes=\"auto, (max-width: 1024px) 100vw, 1024px\" \/><\/p>\n<p><span style=\"font-weight: 400;\">O r\u00e9veillon em Macei\u00f3 \u00e9 a escolha perfeita pra quem sonha em come\u00e7ar o ano novo cercada de boas energias, praias paradis\u00edacas e aquele clima de celebra\u00e7\u00e3o que s\u00f3 o nordeste transmite. \u26f1\ufe0f\ud83c\udf1e<\/span><\/p>\n<p><span style=\"font-weight: 400;\">Segundo o Minist\u00e9rio do Turismo, s\u00f3 no \u00faltimo r\u00e9veillon, <\/span><b>mais de 22,1 milh\u00f5es de pessoas viajaram pelo Brasil de norte a sul pra brindar a virada<\/b><span style=\"font-weight: 400;\">. E voc\u00ea? T\u00e1 disposta a viver essa experi\u00eancia em um dos destinos mais incr\u00edveis do pa\u00eds?\u00a0<\/span><\/p>\n<p><span style=\"font-weight: 400;\">Neste artigo, vamos mostrar tudo que faz de Macei\u00f3 um cen\u00e1rio incr\u00edvel pra come\u00e7ar o ano novo: festas divertidas, passeios culturais, destinos incr\u00edveis, sabores regionais e, claro, a praticidade de <\/span><b>aproveitar a virada em um resort All Inclusive pertinho do mar<\/b><span style=\"font-weight: 400;\">!\u00a0<\/span><\/p>\n<p><span style=\"font-weight: 400;\">J\u00e1 d\u00e1 vontade de arrumar as malas, n\u00e9? Ent\u00e3o, vem com a gente! \ud83e\udd42<\/span><\/p>\n<p><span style=\"font-weight: 400;\">Ah, e se voc\u00ea tamb\u00e9m quer curtir um passeio ali pertinho, <\/span><span style=\"text-decoration: underline;\"><strong><a href=\"https:\/\/www.salinas.com.br\/post\/qual-a-melhor-epoca-para-ir-para-maragogi\" target=\"_blank\" rel=\"noopener\">descubra qual a melhor \u00e9poca pra ir pra Maragogi e aproveite muuito<\/a><\/strong><\/span><span style=\"font-weight: 400;\">!<\/span><\/p>\n<h2><b>O que fazer no r\u00e9veillon em Macei\u00f3?<\/b><\/h2>\n<p><span style=\"font-weight: 400;\">Quem escolhe passar o r\u00e9veillon em Macei\u00f3 j\u00e1 come\u00e7a o ano com boas energias. A cidade fica cheia de vida e cada pessoa encontra um jeito especial de celebrar.\u00a0<\/span><\/p>\n<p><span style=\"font-weight: 400;\">E olha s\u00f3: <\/span><span style=\"text-decoration: underline;\"><strong><a href=\"https:\/\/www.gov.br\/turismo\/pt-br\/assuntos\/noticias\/reveillon-movimentou-cerca-de-22-1-milhoes-de-pessoas-pelo-pais\" target=\"_blank\" rel=\"noopener\">mais de 22 milh\u00f5es de pessoas viajaram pelo Brasil no \u00faltimo r\u00e9veillon<\/a><\/strong><\/span><span style=\"font-weight: 400;\">. <\/span><b>Ent\u00e3o, n\u00e3o \u00e9 surpresa que Macei\u00f3 esteja bombando! \ud83c\udf0a<\/b><\/p>\n<p><span style=\"font-weight: 400;\">Aqui, todo mundo curte a virada do seu jeito \u2014 passeando pelo centro hist\u00f3rico, conhecendo os bairros tur\u00edsticos da regi\u00e3o, visitando museus e feirinhas culturais e muuito mais!\u00a0<\/span><\/p>\n<p><span style=\"font-weight: 400;\">Se der vontade de esticar o passeio, a rota ecol\u00f3gica at\u00e9 S\u00e3o Miguel dos Milagres ou as piscinas naturais de Maragogi s\u00e3o paradas obrigat\u00f3rias pra se encantar ainda mais com a <\/span><span style=\"text-decoration: underline;\"><strong><a href=\"https:\/\/www.japaratingaresort.com.br\/blog\/costa-dos-corais\" target=\"_blank\" rel=\"noopener\">Costa dos Corais<\/a><\/strong><\/span><span style=\"font-weight: 400;\">!<\/span><\/p>\n<p><span style=\"font-weight: 400;\">Agora, pra quem prefere aproveitar sem pensar em deslocamentos ou programa\u00e7\u00f5es externas, <\/span><b>o Salinas Macei\u00f3 \u00e9 um verdadeiro para\u00edso<\/b><span style=\"font-weight: 400;\">.\u00a0<\/span><\/p>\n<p><span style=\"font-weight: 400;\">O resort fica pertinho do mar, tem sistema All Inclusive e garante tudo que a fam\u00edlia precisa pra curtir as melhores <\/span><span style=\"text-decoration: underline;\"><strong><a href=\"https:\/\/www.salinas.com.br\/post\/ferias-em-familia\" target=\"_blank\" rel=\"noopener\">f\u00e9rias<\/a><\/strong><\/span><span style=\"font-weight: 400;\"> da vida!\u00a0\u00a0<\/span><\/p>\n<p><span style=\"font-weight: 400;\">Que tal come\u00e7ar o ano com zero preocupa\u00e7\u00f5es e muita divers\u00e3o? \ud83e\udd70<\/span><\/p>\n<p><span style=\"font-weight: 400;\"><img loading=\"lazy\" decoding=\"async\" class=\"alignnone size-full wp-image-3178\" src=\"https:\/\/www.salinas.com.br\/blog\/wp-content\/uploads\/2025\/10\/diversao-resort-reveillon-maceio.jpg\" alt=\"Crian\u00e7a feliz brincando na piscina sob um c\u00e9u ensolarado com palmeiras ao fundo. Divers\u00e3o e lazer em um dia de ver\u00e3o com amigos e fam\u00edlia.\" width=\"1024\" height=\"416\" srcset=\"https:\/\/www.salinas.com.br\/blog\/wp-content\/uploads\/2025\/10\/diversao-resort-reveillon-maceio.jpg 1024w, https:\/\/www.salinas.com.br\/blog\/wp-content\/uploads\/2025\/10\/diversao-resort-reveillon-maceio-300x122.jpg 300w, https:\/\/www.salinas.com.br\/blog\/wp-content\/uploads\/2025\/10\/diversao-resort-reveillon-maceio-768x312.jpg 768w\" sizes=\"auto, (max-width: 1024px) 100vw, 1024px\" \/><\/span><\/p>\n<h2><b>Por que passar o r\u00e9veillon em Macei\u00f3?<\/b><\/h2>\n<p><b>O Alagoas tem praias de tirar o f\u00f4lego e sol quase o ano todo<\/b><span style=\"font-weight: 400;\">. E tem mais: ao escolher passar o r\u00e9veillon em Macei\u00f3, voc\u00ea pode curtir o <\/span><b>coco alagoano<\/b><span style=\"font-weight: 400;\">, uma dan\u00e7a animada ao som de tambores, e o <\/span><b>reisado<\/b><span style=\"font-weight: 400;\">, festa cheia de cores, cantos e personagens divertidos.<\/span><\/p>\n<p><span style=\"font-weight: 400;\">\u00c9 perfeito pra come\u00e7ar o ano com a energia l\u00e1 em cima! \ud83d\ude0e\u2728<\/span><\/p>\n<h3><b>Aproveitar dias de sol e boas energias<\/b><\/h3>\n<p><span style=\"font-weight: 400;\">Em dezembro, Macei\u00f3 recebe os visitantes com muito calor, c\u00e9u azul e aquele clima de leveza que combina com a virada do ano.\u00a0<\/span><\/p>\n<p><span style=\"font-weight: 400;\">\u00c9 a \u00e9poca ideal pra se despedir de um ciclo e come\u00e7ar outro em sintonia com a natureza. A cidade inteira parece respirar renova\u00e7\u00e3o, e isso deixa cada momento ainda mais marcante. \ud83d\udc99<\/span><\/p>\n<h3><b>Curtir as praias quentes e paradis\u00edacas<\/b><\/h3>\n<p><span style=\"font-weight: 400;\">Dif\u00edcil falar de r\u00e9veillon em Macei\u00f3 sem pensar nas <\/span><span style=\"text-decoration: underline;\"><strong><a href=\"https:\/\/www.salinas.com.br\/post\/praias-de-maceio\" target=\"_blank\" rel=\"noopener\">praias<\/a><\/strong><\/span><span style=\"font-weight: 400;\">. A praia de Ipioca fica cheia de vida e \u00e9 perfeita pra quem gosta de movimento e queima de fogos \u00e0 beira-mar. \u26f1\ufe0f<\/span><\/p>\n<p><span style=\"font-weight: 400;\">J\u00e1 quem busca um cantinho mais tranquilo encontra ref\u00fagio na <\/span><b>Praia do Franc\u00eas <\/b><span style=\"font-weight: 400;\">ou no <\/span><b>Gunga<\/b><span style=\"font-weight: 400;\">, que encantam com \u00e1guas cristalinas e um visual de cart\u00e3o-postal.<\/span><\/p>\n<h3><b>Experimentar a gastronomia alagoana em grande estilo<\/b><\/h3>\n<p><span style=\"font-weight: 400;\">A culin\u00e1ria tamb\u00e9m faz parte da experi\u00eancia. Na capital do Alagoas, os sabores regionais ganham destaque: frutos-do-mar fresquinhos, tapiocas recheadas, pratos t\u00edpicos como a peixada alagoana e sobremesas \u00e0 base de coco que conquistam qualquer paladar.\u00a0<\/span><\/p>\n<p><span style=\"font-weight: 400;\">Degustar tudo isso no r\u00e9veillon em Macei\u00f3 \u00e9 mergulhar na cultura local de um jeito muuuito delicioso! \ud83e\udd24\ud83c\udf64<\/span><\/p>\n<p><span style=\"font-weight: 400;\">Leia tamb\u00e9m: <\/span><span style=\"text-decoration: underline;\"><strong><a href=\"https:\/\/www.salinas.com.br\/blog\/o-que-fazer-em-maceio-em-3-dias-opcao-de-roteiro-pra-aproveitar-ao-maximo\/\" target=\"_blank\" rel=\"noopener\">O que fazer em Macei\u00f3 em 3 dias? Op\u00e7\u00e3o de roteiro pra aproveitar ao m\u00e1ximo<\/a><\/strong><\/span><\/p>\n<p><span style=\"text-decoration: underline;\"><strong><a href=\"https:\/\/www.salinas.com.br\/blog\/saiba-quais-sao-os-meses-mais-baratos-para-viajar-no-nordeste\/\" target=\"_blank\" rel=\"noopener\">Saiba quais s\u00e3o os meses mais baratos pra viajar no Nordeste<\/a><\/strong><\/span><\/p>\n<h2><b>Onde passar r\u00e9veillon em Macei\u00f3?<\/b><\/h2>\n<p><span style=\"font-weight: 400;\">Se a ideia \u00e9 come\u00e7ar o ano em grande estilo, o lugar certo \u00e9 o <\/span><b>Salinas Macei\u00f3<\/b><span style=\"font-weight: 400;\">. Imagina s\u00f3: voc\u00ea de frente pro mar da <\/span><span style=\"text-decoration: underline;\"><strong><a href=\"https:\/\/www.salinas.com.br\/pt\/maceio\/destino\/ipioca\" target=\"_blank\" rel=\"noopener\">Praia de Ipioca<\/a><\/strong><\/span><span style=\"font-weight: 400;\">, com sol, piscina, comida deliciosa e uma festa de r\u00e9veillon incr\u00edvel sem precisar sair do resort.\u00a0<\/span><\/p>\n<p><span style=\"font-weight: 400;\">Aqui t\u00e1 tudo junto: descanso, <\/span><span style=\"text-decoration: underline;\"><strong><a href=\"https:\/\/www.salinas.com.br\/pt\/maceio\/diversao\" target=\"_blank\" rel=\"noopener\">divers\u00e3o<\/a><\/strong><\/span><span style=\"font-weight: 400;\"> garantida e um clima gostoso de praia com a fam\u00edlia ou com os amigos. <\/span><b>Quer dar uma espiadinha no que te espera no resort Salinas Macei\u00f3? D\u00e1 play no v\u00eddeo! \ud83d\udc40<\/b><\/p>\n<p><iframe loading=\"lazy\" title=\"MELHOR RESORT ALL INCLUSIVE PRAS SUAS FE\u0301RIAS\" width=\"500\" height=\"281\" src=\"https:\/\/www.youtube.com\/embed\/FQoKrBTh6cg?feature=oembed\" frameborder=\"0\" allow=\"accelerometer; autoplay; clipboard-write; encrypted-media; gyroscope; picture-in-picture; web-share\" referrerpolicy=\"strict-origin-when-cross-origin\" allowfullscreen><\/iframe><\/p>\n<h2><b>Vantagens de se hospedar no Salinas Macei\u00f3 no r\u00e9veillon<\/b><\/h2>\n<p><span style=\"font-weight: 400;\">Virar o ano no Salinas Macei\u00f3 \u00e9 come\u00e7ar o novo ciclo de frente pro mar, sem se preocupar com nada al\u00e9m de curtir.\u00a0<\/span><\/p>\n<p><span style=\"font-weight: 400;\">O resort, que j\u00e1 conquistou pr\u00eamios importantes como o <\/span><span style=\"text-decoration: underline;\"><a href=\"https:\/\/www.salinas.com.br\/blog\/o-salinas-maceio-e-o-melhor-hotel-para-familia-do-mundo-segundo-o-travellers-choice\/\" target=\"_blank\" rel=\"noopener\"><b>Traveller\u2019s Choice do TripAdvisor<\/b><\/a><\/span><span style=\"font-weight: 400;\">, \u00e9 um dos mais bem avaliados do Brasil!<\/span><\/p>\n<p><span style=\"font-weight: 400;\">Entregamos tudo que uma fam\u00edlia busca: conforto, divers\u00e3o e aquela sensa\u00e7\u00e3o de estar em casa, s\u00f3 que em meio ao para\u00edso. \ud83d\ude0d<\/span><\/p>\n<h3><b>Estrutura All Inclusive: refei\u00e7\u00f5es, bebidas e ceia j\u00e1 inclu\u00eddas<\/b><\/h3>\n<p><span style=\"font-weight: 400;\">No <\/span><span style=\"text-decoration: underline;\"><strong><a href=\"https:\/\/www.salinas.com.br\/post\/sistema-all-inclusive\" target=\"_blank\" rel=\"noopener\">sistema All Inclusive<\/a><\/strong><\/span><span style=\"font-weight: 400;\">, caf\u00e9 da manh\u00e3, almo\u00e7o, jantar, petiscos, sobremesas e bebidas (alco\u00f3licas e n\u00e3o alco\u00f3licas) <\/span><b>est\u00e3o todos inclu\u00eddos<\/b><span style=\"font-weight: 400;\">.\u00a0<\/span><\/p>\n<p><span style=\"font-weight: 400;\">E, na noite de r\u00e9veillon, a ceia ganha um toque especial, com pratos preparados pra marcar a virada em grande estilo.<\/span><b> O melhor? Tudo isso j\u00e1 faz parte da di\u00e1ria!<\/b><\/p>\n<h3><b>Festa com seguran\u00e7a, conforto e divers\u00e3o dentro do resort<\/b><\/h3>\n<p><span style=\"font-weight: 400;\">N\u00e3o precisa se preocupar em sair de carro, enfrentar tr\u00e2nsito ou procurar lugar pra comemorar. No Salinas Macei\u00f3, a festa acontece dentro do resort, com m\u00fasica, alegria e toda a energia que o momento pede.\u00a0<\/span><\/p>\n<p><span style=\"font-weight: 400;\">Voc\u00ea celebra cercada de pessoas queridas, sem pensar em log\u00edstica ou deslocamentos. \u00c9 s\u00f3 brindar, dan\u00e7ar e deixar a magia do mar embalar o r\u00e9veillon em Macei\u00f3. \ud83d\udc1f<\/span><\/p>\n<h3><b>Atividades e lazer pra todas as idades sem sair da hospedagem<\/b><\/h3>\n<p><span style=\"font-weight: 400;\">Enquanto os adultos aproveitam a praia, a piscina ou um drink no bar, as crian\u00e7as se jogam nas brincadeiras do <\/span><b>Clubinho do Siri<\/b><span style=\"font-weight: 400;\">, o nosso espa\u00e7o infantil com uma equipe preparada pra garantir muita divers\u00e3o.\u00a0<\/span><\/p>\n<p><span style=\"font-weight: 400;\">Tem tamb\u00e9m<\/span><b> piscina kids<\/b><span style=\"font-weight: 400;\">, <\/span><b>programa\u00e7\u00e3o de lazer<\/b><span style=\"font-weight: 400;\"> e espa\u00e7os que tornam a experi\u00eancia leve pra todas as idades. Assim, toda a fam\u00edlia encontra o seu jeito de aproveitar e todo mundo volta pra casa com boas lembran\u00e7as.<\/span><\/p>\n<p style=\"text-align: center;\"><span style=\"text-decoration: underline;\"><strong><a href=\"https:\/\/www.salinas.com.br\/pt\/maceio\/reveillon\/\" target=\"_blank\" rel=\"noopener\">Garanta agora a sua reserva no Salinas Macei\u00f3 e viva um r\u00e9veillon inesquec\u00edvel de frente pro mar da Praia de Ipioca!<\/a><\/strong><\/span><\/p>\n<p><span style=\"font-weight: 400;\"><img loading=\"lazy\" decoding=\"async\" class=\"alignnone size-full wp-image-3177\" src=\"https:\/\/www.salinas.com.br\/blog\/wp-content\/uploads\/2025\/10\/resort-salinas-reveillon-maceio.jpg\" alt=\"Vista a\u00e9rea do Resort Salinas Macei\u00f3 com piscina, \u00e1reas verdes, cabanas e acesso ao mar azul na costa de uma praia tropical, cen\u00e1rio de f\u00e9rias perfeito.\" width=\"1024\" height=\"734\" srcset=\"https:\/\/www.salinas.com.br\/blog\/wp-content\/uploads\/2025\/10\/resort-salinas-reveillon-maceio.jpg 1024w, https:\/\/www.salinas.com.br\/blog\/wp-content\/uploads\/2025\/10\/resort-salinas-reveillon-maceio-300x215.jpg 300w, https:\/\/www.salinas.com.br\/blog\/wp-content\/uploads\/2025\/10\/resort-salinas-reveillon-maceio-768x551.jpg 768w\" sizes=\"auto, (max-width: 1024px) 100vw, 1024px\" \/><\/span><\/p>\n<h2><b>Curta um r\u00e9veillon m\u00e1gico no para\u00edso alagoano!<\/b><\/h2>\n<p><span style=\"font-weight: 400;\">R\u00e9veillon em Macei\u00f3 \u00e9 sin\u00f4nimo de sol brilhando, praias que parecem pintura e uma energia que contagia!<\/span><\/p>\n<p><span style=\"font-weight: 400;\">Ao longo deste artigo, vimos como a cidade oferece de tudo: festas abertas ao p\u00fablico, passeios hist\u00f3ricos, cen\u00e1rios naturais encantadores e uma gastronomia que conquista no primeiro prato. \ud83d\udc99<\/span><\/p>\n<p><span style=\"font-weight: 400;\">E quando somamos a isso o clima quente de dezembro e a vibe de renova\u00e7\u00e3o que toma conta do local, a virada ganha um brilho ainda mais incr\u00edvel! \u2728<\/span><\/p>\n<p><span style=\"font-weight: 400;\">No meio desse cen\u00e1rio t\u00e3o \u00fanico, o Salinas Macei\u00f3 surge como o ref\u00fagio ideal pra quem n\u00e3o quer se preocupar com nada al\u00e9m de aproveitar o r\u00e9veillon.\u00a0<\/span><\/p>\n<p><span style=\"font-weight: 400;\">Sempre pensamos no bem-estar da sua fam\u00edlia. Queremos que curtam o momento juntos, colecionem boas lembran\u00e7as e comecem o novo ano em harmonia.<\/span><b> Porque, no fim das contas, r\u00e9veillon em Macei\u00f3 com o Salinas \u00e9 um presente pra vida! <\/b><span style=\"font-weight: 400;\">\ud83e\udd42<\/span><\/p>\n<p style=\"text-align: center;\"><strong><a href=\"https:\/\/www.salinas.com.br\/pt\/maceio\/contato\" target=\"_blank\" rel=\"noopener\"><span style=\"text-decoration: underline;\">Tire todas as d\u00favidas e fa\u00e7a a sua reserva com anteced\u00eancia!<\/span> <\/a><\/strong><\/p>\n","protected":false},"excerpt":{"rendered":"<p>Viva o r\u00e9veillon em Macei\u00f3 no Salinas. Festa exclusiva, ceia especial, all inclusive completo e conforto de frente pro mar da Praia de Ipioca.<\/p>\n","protected":false},"author":17,"featured_media":3179,"comment_status":"open","ping_status":"open","sticky":false,"template":"","format":"standard","meta":{"footnotes":""},"categories":[113],"tags":[],"class_list":["post-3175","post","type-post","status-publish","format-standard","has-post-thumbnail","hentry","category-maceio"],"acf":[],"yoast_head":"<!-- This site is optimized with the Yoast SEO plugin v20.9 - https:\/\/yoast.com\/wordpress\/plugins\/seo\/ -->\n<title>R\u00e9veillon em Macei\u00f3 no Salinas: all inclusive \u00e0 beira-mar<\/title>\n<meta name=\"description\" content=\"Viva o r\u00e9veillon em Macei\u00f3 no Salinas. Festa exclusiva, ceia especial, all inclusive completo e conforto de frente pro mar da Praia de Ipioca.\" \/>\n<meta name=\"robots\" content=\"index, follow, max-snippet:-1, max-image-preview:large, max-video-preview:-1\" \/>\n<link rel=\"canonical\" href=\"https:\/\/www.salinas.com.br\/blog\/reveillon-em-maceio\/\" \/>\n<meta property=\"og:locale\" content=\"pt_BR\" \/>\n<meta property=\"og:type\" content=\"article\" \/>\n<meta property=\"og:title\" content=\"R\u00e9veillon em Macei\u00f3 no Salinas: all inclusive \u00e0 beira-mar\" \/>\n<meta property=\"og:description\" content=\"Viva o r\u00e9veillon em Macei\u00f3 no Salinas. Festa exclusiva, ceia especial, all inclusive completo e conforto de frente pro mar da Praia de Ipioca.\" \/>\n<meta property=\"og:url\" content=\"https:\/\/www.salinas.com.br\/blog\/reveillon-em-maceio\/\" \/>\n<meta property=\"og:site_name\" content=\"Amarante\" \/>\n<meta property=\"article:published_time\" content=\"2025-10-27T20:24:50+00:00\" \/>\n<meta property=\"og:image\" content=\"https:\/\/www.salinas.com.br\/blog\/wp-content\/uploads\/2025\/10\/reveillon-maceio.jpg\" \/>\n\t<meta property=\"og:image:width\" content=\"1024\" \/>\n\t<meta property=\"og:image:height\" content=\"416\" \/>\n\t<meta property=\"og:image:type\" content=\"image\/jpeg\" \/>\n<meta name=\"author\" content=\"Amarante\" \/>\n<meta name=\"twitter:card\" content=\"summary_large_image\" \/>\n<meta name=\"twitter:label1\" content=\"Escrito por\" \/>\n\t<meta name=\"twitter:data1\" content=\"Amarante\" \/>\n\t<meta name=\"twitter:label2\" content=\"Est. tempo de leitura\" \/>\n\t<meta name=\"twitter:data2\" content=\"8 minutos\" \/>\n<script type=\"application\/ld+json\" class=\"yoast-schema-graph\">{\"@context\":\"https:\/\/schema.org\",\"@graph\":[{\"@type\":\"WebPage\",\"@id\":\"https:\/\/www.salinas.com.br\/blog\/reveillon-em-maceio\/\",\"url\":\"https:\/\/www.salinas.com.br\/blog\/reveillon-em-maceio\/\",\"name\":\"R\u00e9veillon em Macei\u00f3 no Salinas: all inclusive \u00e0 beira-mar\",\"isPartOf\":{\"@id\":\"https:\/\/www.salinas.com.br\/blog\/#website\"},\"datePublished\":\"2025-10-27T20:24:50+00:00\",\"dateModified\":\"2025-10-27T20:24:50+00:00\",\"author\":{\"@id\":\"https:\/\/www.salinas.com.br\/blog\/#\/schema\/person\/b706075dc509e91c28efb76c2d4bdd97\"},\"description\":\"Viva o r\u00e9veillon em Macei\u00f3 no Salinas. Festa exclusiva, ceia especial, all inclusive completo e conforto de frente pro mar da Praia de Ipioca.\",\"breadcrumb\":{\"@id\":\"https:\/\/www.salinas.com.br\/blog\/reveillon-em-maceio\/#breadcrumb\"},\"inLanguage\":\"pt-BR\",\"potentialAction\":[{\"@type\":\"ReadAction\",\"target\":[\"https:\/\/www.salinas.com.br\/blog\/reveillon-em-maceio\/\"]}]},{\"@type\":\"BreadcrumbList\",\"@id\":\"https:\/\/www.salinas.com.br\/blog\/reveillon-em-maceio\/#breadcrumb\",\"itemListElement\":[{\"@type\":\"ListItem\",\"position\":1,\"name\":\"In\u00edcio\",\"item\":\"https:\/\/www.salinas.com.br\/blog\/\"},{\"@type\":\"ListItem\",\"position\":2,\"name\":\"R\u00e9veillon em Macei\u00f3: por que esse destino \u00e9 perfeito pra virada\"}]},{\"@type\":\"WebSite\",\"@id\":\"https:\/\/www.salinas.com.br\/blog\/#website\",\"url\":\"https:\/\/www.salinas.com.br\/blog\/\",\"name\":\"Amarante\",\"description\":\"\",\"potentialAction\":[{\"@type\":\"SearchAction\",\"target\":{\"@type\":\"EntryPoint\",\"urlTemplate\":\"https:\/\/www.salinas.com.br\/blog\/?s={search_term_string}\"},\"query-input\":\"required name=search_term_string\"}],\"inLanguage\":\"pt-BR\"},{\"@type\":\"Person\",\"@id\":\"https:\/\/www.salinas.com.br\/blog\/#\/schema\/person\/b706075dc509e91c28efb76c2d4bdd97\",\"name\":\"Amarante\",\"image\":{\"@type\":\"ImageObject\",\"inLanguage\":\"pt-BR\",\"@id\":\"https:\/\/www.salinas.com.br\/blog\/#\/schema\/person\/image\/\",\"url\":\"https:\/\/secure.gravatar.com\/avatar\/b121658c17d0c24a19e905c4d002e7791545e8605f560c9b6896a49ff44b385a?s=96&d=mm&r=g\",\"contentUrl\":\"https:\/\/secure.gravatar.com\/avatar\/b121658c17d0c24a19e905c4d002e7791545e8605f560c9b6896a49ff44b385a?s=96&d=mm&r=g\",\"caption\":\"Amarante\"},\"url\":\"https:\/\/www.salinas.com.br\/blog\/author\/amarante\/\"}]}<\/script>\n<!-- \/ Yoast SEO plugin. -->","yoast_head_json":{"title":"R\u00e9veillon em Macei\u00f3 no Salinas: all inclusive \u00e0 beira-mar","description":"Viva o r\u00e9veillon em Macei\u00f3 no Salinas. Festa exclusiva, ceia especial, all inclusive completo e conforto de frente pro mar da Praia de Ipioca.","robots":{"index":"index","follow":"follow","max-snippet":"max-snippet:-1","max-image-preview":"max-image-preview:large","max-video-preview":"max-video-preview:-1"},"canonical":"https:\/\/www.salinas.com.br\/blog\/reveillon-em-maceio\/","og_locale":"pt_BR","og_type":"article","og_title":"R\u00e9veillon em Macei\u00f3 no Salinas: all inclusive \u00e0 beira-mar","og_description":"Viva o r\u00e9veillon em Macei\u00f3 no Salinas. Festa exclusiva, ceia especial, all inclusive completo e conforto de frente pro mar da Praia de Ipioca.","og_url":"https:\/\/www.salinas.com.br\/blog\/reveillon-em-maceio\/","og_site_name":"Amarante","article_published_time":"2025-10-27T20:24:50+00:00","og_image":[{"width":1024,"height":416,"url":"https:\/\/www.salinas.com.br\/blog\/wp-content\/uploads\/2025\/10\/reveillon-maceio.jpg","type":"image\/jpeg"}],"author":"Amarante","twitter_card":"summary_large_image","twitter_misc":{"Escrito por":"Amarante","Est. tempo de leitura":"8 minutos"},"schema":{"@context":"https:\/\/schema.org","@graph":[{"@type":"WebPage","@id":"https:\/\/www.salinas.com.br\/blog\/reveillon-em-maceio\/","url":"https:\/\/www.salinas.com.br\/blog\/reveillon-em-maceio\/","name":"R\u00e9veillon em Macei\u00f3 no Salinas: all inclusive \u00e0 beira-mar","isPartOf":{"@id":"https:\/\/www.salinas.com.br\/blog\/#website"},"datePublished":"2025-10-27T20:24:50+00:00","dateModified":"2025-10-27T20:24:50+00:00","author":{"@id":"https:\/\/www.salinas.com.br\/blog\/#\/schema\/person\/b706075dc509e91c28efb76c2d4bdd97"},"description":"Viva o r\u00e9veillon em Macei\u00f3 no Salinas. Festa exclusiva, ceia especial, all inclusive completo e conforto de frente pro mar da Praia de Ipioca.","breadcrumb":{"@id":"https:\/\/www.salinas.com.br\/blog\/reveillon-em-maceio\/#breadcrumb"},"inLanguage":"pt-BR","potentialAction":[{"@type":"ReadAction","target":["https:\/\/www.salinas.com.br\/blog\/reveillon-em-maceio\/"]}]},{"@type":"BreadcrumbList","@id":"https:\/\/www.salinas.com.br\/blog\/reveillon-em-maceio\/#breadcrumb","itemListElement":[{"@type":"ListItem","position":1,"name":"In\u00edcio","item":"https:\/\/www.salinas.com.br\/blog\/"},{"@type":"ListItem","position":2,"name":"R\u00e9veillon em Macei\u00f3: por que esse destino \u00e9 perfeito pra virada"}]},{"@type":"WebSite","@id":"https:\/\/www.salinas.com.br\/blog\/#website","url":"https:\/\/www.salinas.com.br\/blog\/","name":"Amarante","description":"","potentialAction":[{"@type":"SearchAction","target":{"@type":"EntryPoint","urlTemplate":"https:\/\/www.salinas.com.br\/blog\/?s={search_term_string}"},"query-input":"required name=search_term_string"}],"inLanguage":"pt-BR"},{"@type":"Person","@id":"https:\/\/www.salinas.com.br\/blog\/#\/schema\/person\/b706075dc509e91c28efb76c2d4bdd97","name":"Amarante","image":{"@type":"ImageObject","inLanguage":"pt-BR","@id":"https:\/\/www.salinas.com.br\/blog\/#\/schema\/person\/image\/","url":"https:\/\/secure.gravatar.com\/avatar\/b121658c17d0c24a19e905c4d002e7791545e8605f560c9b6896a49ff44b385a?s=96&d=mm&r=g","contentUrl":"https:\/\/secure.gravatar.com\/avatar\/b121658c17d0c24a19e905c4d002e7791545e8605f560c9b6896a49ff44b385a?s=96&d=mm&r=g","caption":"Amarante"},"url":"https:\/\/www.salinas.com.br\/blog\/author\/amarante\/"}]}},"views":790,"_links":{"self":[{"href":"https:\/\/www.salinas.com.br\/blog\/wp-json\/wp\/v2\/posts\/3175","targetHints":{"allow":["GET"]}}],"collection":[{"href":"https:\/\/www.salinas.com.br\/blog\/wp-json\/wp\/v2\/posts"}],"about":[{"href":"https:\/\/www.salinas.com.br\/blog\/wp-json\/wp\/v2\/types\/post"}],"author":[{"embeddable":true,"href":"https:\/\/www.salinas.com.br\/blog\/wp-json\/wp\/v2\/users\/17"}],"replies":[{"embeddable":true,"href":"https:\/\/www.salinas.com.br\/blog\/wp-json\/wp\/v2\/comments?post=3175"}],"version-history":[{"count":4,"href":"https:\/\/www.salinas.com.br\/blog\/wp-json\/wp\/v2\/posts\/3175\/revisions"}],"predecessor-version":[{"id":3180,"href":"https:\/\/www.salinas.com.br\/blog\/wp-json\/wp\/v2\/posts\/3175\/revisions\/3180"}],"wp:featuredmedia":[{"embeddable":true,"href":"https:\/\/www.salinas.com.br\/blog\/wp-json\/wp\/v2\/media\/3179"}],"wp:attachment":[{"href":"https:\/\/www.salinas.com.br\/blog\/wp-json\/wp\/v2\/media?parent=3175"}],"wp:term":[{"taxonomy":"category","embeddable":true,"href":"https:\/\/www.salinas.com.br\/blog\/wp-json\/wp\/v2\/categories?post=3175"},{"taxonomy":"post_tag","embeddable":true,"href":"https:\/\/www.salinas.com.br\/blog\/wp-json\/wp\/v2\/tags?post=3175"}],"curies":[{"name":"wp","href":"https:\/\/api.w.org\/{rel}","templated":true}]}}